{"id":6147,"date":"2026-08-31T10:56:50","date_gmt":"2026-08-31T10:56:50","guid":{"rendered":"https:\/\/www.culture-nature-magazine.info\/wordpress\/?p=6147"},"modified":"2026-08-31T10:56:50","modified_gmt":"2026-08-31T10:56:50","slug":"la-casa-ai-confini-del-mondo-tra-nature-writing-e-mindfulness","status":"publish","type":"post","link":"https:\/\/www.culture-nature-magazine.info\/wordpress\/31\/la-casa-ai-confini-del-mondo-tra-nature-writing-e-mindfulness\/articoli\/silvia\/","title":{"rendered":"La casa ai confini del mondo, tra nature writing e mindfulness"},"content":{"rendered":"<p>\u00c8 uno di quei libri che, a distanza di parecchi decenni dalla sua pubblicazione (1928), riesce ancora a <strong>toccare le corde dell\u2019anima<\/strong>, accompagnando la lettrice\/il lettore in una dimensione dove terra, acqua, aria e fuoco plasmano paesaggi e stagioni. Oltre a ci\u00f2, \u00e8 sorprendente scoprire come un testo fondativo del<em> nature writing<\/em> contenga al suo interno preziosi <strong>elementi di mindfulness<\/strong>.<\/p>\n<p>Quando mi sono immersa nelle pagine de \u201c<em>La casa ai confini del mondo<\/em>\u201d \u2013 che la redazione di <a href=\"https:\/\/www.pianobedizioni.com\/\" target=\"_blank\" rel=\"noopener\">Piano B Edizioni<\/a> mi ha gentilmente inviato in agosto \u2013 non pensavo di addentrarmi in una scrittura capace di esprimere in maniera cos\u00ec dettagliata e poetica, l\u2019amore e il rispetto per la Natura nel suo complesso. E, soprattutto, non pensavo di trovarvi numerosi concetti collegabili a pratiche di presenza mentale.<\/p>\n<blockquote><p>Ma, in fondo, la contemplazione di Madre Natura rappresenta in s\u00e9 un\u2019esperienza meditativa quando la stessa osservazione avviene in modo consapevole e in una condizione di rispetto e di stupore.<\/p>\n<p>Henry Beston, in ci\u00f2, \u00e8 maestro, perch\u00e9 le sue narrazioni inerenti il luogo in cui ha vissuto per un intero anno \u2013 ovvero Cape Cod, in Massachusetts \u2013 disvelano un\u2019acuta capacit\u00e0 di andare in profondit\u00e0 con lo sguardo.<\/p><\/blockquote>\n<h4 style=\"text-align: center;\">Facciamo per\u00f2 un passo indietro<br \/>\nper capire meglio la genesi e la struttura<br \/>\nde \u201cLa casa ai confini del mondo\u201d.<\/h4>\n<p><img loading=\"lazy\" decoding=\"async\" class=\"aligncenter wp-image-6149\" src=\"https:\/\/www.culture-nature-magazine.info\/wordpress\/wp-content\/uploads\/2026\/08\/la-casa-ai-confini-del-mondo.jpg\" alt=\"\" width=\"421\" height=\"647\" srcset=\"https:\/\/www.culture-nature-magazine.info\/wordpress\/wp-content\/uploads\/2026\/08\/la-casa-ai-confini-del-mondo.jpg 464w, https:\/\/www.culture-nature-magazine.info\/wordpress\/wp-content\/uploads\/2026\/08\/la-casa-ai-confini-del-mondo-195x300.jpg 195w, https:\/\/www.culture-nature-magazine.info\/wordpress\/wp-content\/uploads\/2026\/08\/la-casa-ai-confini-del-mondo-306x470.jpg 306w\" sizes=\"auto, (max-width: 421px) 100vw, 421px\" \/><\/p>\n<p><strong>Henry Beston<\/strong> (1888 \u2013 1968) visse a cavallo di due epoche, tra \u00b4800 e \u00b4900. <strong>Fu testimone diretto degli orrori della prima guerra mondiale<\/strong>, avendo prestato servizio come autista di ambulanze in Francia, nella zona del Bois-le-Pr\u00eatre e nella battaglia di Verdun (come racconta lui stesso nel suo primo libro, \u201cA Volunteer Poilu\u201d). In seguito, in qualit\u00e0 di addetto stampa della marina degli Stati Uniti, vide combattimenti e morti.<\/p>\n<blockquote><p>La decisione di trascorrere un intero anno in quasi totale solitudine sulle dune di Cape Cod probabilmente nacque in lui per allontanarsi da un mondo bellicoso e da un modello di societ\u00e0 all\u2019epoca nascente \u2013 quella industriale e capitalistica \u2013 in cui faceva fatica ad adeguarsi.<\/p><\/blockquote>\n<p>Seguendo in parte le orme di <strong>Henry David Thoreau<\/strong> (1817 &#8211; 1862), che si allontan\u00f2 dalla \u201ccivilt\u00e0\u201d e and\u00f2 \u201c<em>nei boschi perch\u00e9 desiderava vivere con saggezza<\/em>\u201d, Beston, nell\u2019autunno del 1926, si trasfer\u00ec in una piccola casa di legno fatta costruire tempo prima e che chiam\u00f2 <strong>Fo\u2019Castle<\/strong> (castello di prua).<\/p>\n<p><img loading=\"lazy\" decoding=\"async\" class=\"aligncenter size-full wp-image-6148\" src=\"https:\/\/www.culture-nature-magazine.info\/wordpress\/wp-content\/uploads\/2026\/08\/beston-e1788171884376.jpg\" alt=\"\" width=\"1056\" height=\"720\" srcset=\"https:\/\/www.culture-nature-magazine.info\/wordpress\/wp-content\/uploads\/2026\/08\/beston-e1788171884376.jpg 1056w, https:\/\/www.culture-nature-magazine.info\/wordpress\/wp-content\/uploads\/2026\/08\/beston-e1788171884376-300x205.jpg 300w, https:\/\/www.culture-nature-magazine.info\/wordpress\/wp-content\/uploads\/2026\/08\/beston-e1788171884376-470x320.jpg 470w, https:\/\/www.culture-nature-magazine.info\/wordpress\/wp-content\/uploads\/2026\/08\/beston-e1788171884376-768x524.jpg 768w, https:\/\/www.culture-nature-magazine.info\/wordpress\/wp-content\/uploads\/2026\/08\/beston-e1788171884376-640x436.jpg 640w\" sizes=\"auto, (max-width: 1056px) 100vw, 1056px\" \/><\/p>\n<p>Una decisione, quella di staccarsi da una normale quotidianit\u00e0, maturata da mesi, programmata, voluta. La casa in cui and\u00f2 ad abitare si trovava in una posizione eccezionale, affacciata com\u2019era sull\u2019oceano Atlantico. Ed<strong> \u00e8 proprio da questo luogo privilegiato che nacquero le pagine di \u201cLa casa ai confini del mondo\u201d.<\/strong><\/p>\n<blockquote><p>Leggendo questo libro dalla <a href=\"https:\/\/www.culture-nature-magazine.info\/wordpress\/il-progetto\/chi-siamo\/\" target=\"_blank\" rel=\"noopener\">prospettiva di un\u2019istruttrice di mindfulness<\/a> si notano tanti dettagli collegabili a concetti intrisi di presenza mentale e attenzione cosciente.<\/p>\n<p>L\u2019analisi scrupolosa della storia geologica della spiaggia di Cape Cod, la descrizione dei diversi tipi di terra che la compongono, i colori del paesaggio che mutano a seconda del suolo e del momento in cui lo si guarda, la quiete del silenzio: gi\u00e0 questi pochi elementi racchiusi nei primi paragrafi del testo hanno il sapore della mindfulness.<\/p><\/blockquote>\n<p>Infatti, nel libro ravvisiamo (come gi\u00e0 rilevato nell\u2019incipit di questo Articolo) la <strong>centralit\u00e0 degli elementi terra, acqua, aria, fuoco<\/strong>, che scandiscono \u201c<em>i ritmi solenni della natura<\/em>\u201d. Questa stessa centralit\u00e0 \u00e8 presente in un percorso di mindfulness, attraverso la pratica della meditazione sugli elementi.<\/p>\n<p>Nei racconti di Beston troviamo inoltre <strong>l\u2019elogio del \u201cquieto silenzio\u201d<\/strong>, che \u00e8 il contesto pi\u00f9 indicato per meditare, poich\u00e9 la quiete esterna conduce pi\u00f9 agevolmente alla quiete interiore. E troviamo la totale <strong>sintonia con la natura<\/strong>, con le sue manifestazioni sia esse impetuose \u2013 come i venti carichi di neve o il mare furioso \u2013 sia esse poetiche, come un placido tranquillo tramonto.<\/p>\n<p>E ancora, se nella mindfuness si parla di <strong>body scan<\/strong> (la scansione delle varie parti del corpo), nello scritto di Henry Beston possiamo individuare una <strong>\u201cscansione\u201d dettagliata dell\u2019oceano nelle diverse condizioni atmosferiche<\/strong>, o ancora, una<strong> \u201cscansione\u201d dei tanti tipi di flora e fauna presenti a Cape Cod<\/strong>.<\/p>\n<p>Ma c\u2019\u00e8 molto di pi\u00f9 ne \u201cLa casa ai confini del mondo\u201d.<\/p>\n<p><strong>Beston ci mostra l\u2019importanza di ogni istante, anche quello avvolto dalle ombre pi\u00f9 scure.<\/strong><\/p>\n<p><strong>Ci invita ad ascoltare echi di voci antiche<\/strong>, quelle dei nativi Nauset, popoli di lingua algonchina ormai estinti, che con le loro danze onoravano terra, oceano e cielo.<\/p>\n<blockquote><p>Beston ci restituisce con poetica narrazione il profondo legame che unisce l\u2019essere umano alla natura, al di l\u00e0 del bene e del male, senza giudizi.<\/p><\/blockquote>\n<p>&nbsp;<\/p>\n<h4>Accogliere settembre seguendo gli &#8220;insegnamenti&#8221; di Beston<\/h4>\n<p><strong>Domani (nel momento in cui scrivo questo pezzo) varcheremo la soglia di settembre, un mese che ci porter\u00e0 nella stagione autunnale.<\/strong> Un periodo ideale per contemplare la Natura nella stessa maniera che ci ha mostrato Henry Beston, descrivendoci la sua esperienza a Cape Cod.<\/p>\n<blockquote><p>A prescindere dal luogo in cui ci troviamo \u2013 citt\u00e0, mare, campagna, montagna \u2013 possiamo cogliere le tante sfumature che Madre Natura ci dona.<\/p><\/blockquote>\n<p><strong>Osserviamo le variazioni della luce solare che lentamente diminuisce<\/strong>.<\/p>\n<p><strong>Ammiriamo il gioco cromatico delle foglie degli alberi<\/strong> che passano dalle gradazioni del verde a tinte pi\u00f9 accese, come il giallo oro, il rosso intenso e il marrone ramato. Prestiamo attenzione alla forma delle foglie e alle caratteristiche delle cortecce delle piante che vediamo.<\/p>\n<blockquote><p>Questi semplici momenti di presenza mentale (mindfulness) in connessione con la Natura ci aiutano a recuperare il legame con Madre Terra. Un legame che stiamo perdendo \u2013 e che molti hanno gi\u00e0 perso \u2013 per via di stili di vita troppo frenetici e condizionati dall\u2019eccessivo uso e abuso di smartphone, social, video, immagini virtuali, intelligenze artificiali.<\/p>\n<p>Contemplare la Natura \u2013 sulla scia del lavoro di Beston \u2013 ci pu\u00f2 aiutare a sentirci nuovamente parte della grande rete della vita, in cui si intrecciano tante specie, vegetali, animali, minerali e noi, umani.<\/p><\/blockquote>\n<h4 style=\"text-align: center;\">Possiamo ritornare a stupirci delle meraviglie presenti sul nostro (unico) pianeta. Possiamo vederci come parte del Tutto.<\/h4>\n<blockquote><p>Senza pi\u00f9 ergerci a padroni del mondo e della natura, la nostra visione muta, diventiamo pi\u00f9 consapevoli, attenti a ci\u00f2 che ci circonda e possiamo capire che ci\u00f2 che guardiamo all\u2019esterno di noi \u00e8 un riflesso del nostro mondo interiore. Pacificando la nostra mente e il nostro cuore possiamo ricreare armonia dentro e fuori di noi.<\/p><\/blockquote>\n<p>&nbsp;<\/p>\n<h4 style=\"text-align: center;\"><em><span style=\"color: #99cc00;\">Silvia C. Turrin<\/span><\/em><\/h4>\n","protected":false},"excerpt":{"rendered":"<p>\u00c8 uno di quei libri che, a distanza di parecchi decenni dalla sua pubblicazione (1928), riesce ancora a toccare le corde dell\u2019anima, accompagnando la lettrice\/il lettore in una dimensione dove terra, acqua, aria e fuoco plasmano paesaggi e stagioni. Oltre a ci\u00f2, \u00e8 sorprendente scoprire come un testo fondativo del nature writing contenga al suo &hellip; <\/p>\n","protected":false},"author":2,"featured_media":6150,"comment_status":"closed","ping_status":"closed","sticky":false,"template":"","format":"standard","meta":{"ngg_post_thumbnail":0,"footnotes":""},"categories":[138,25,256],"tags":[231,257,227],"class_list":["post-6147","post","type-post","status-publish","format-standard","has-post-thumbnail","hentry","category-articoli","category-libri","category-mindfulness-meditazione","tag-libri","tag-mindfulness","tag-natura"],"yoast_head":"<!-- This site is optimized with the Yoast SEO plugin v28.2 - https:\/\/yoast.com\/product\/yoast-seo-wordpress\/ -->\n<title>La casa ai confini del mondo, tra nature writing e mindfulness - Culture-Nature Magazine<\/title>\n<meta name=\"robots\" content=\"index, follow, max-snippet:-1, max-image-preview:large, max-video-preview:-1\" \/>\n<link rel=\"canonical\" href=\"https:\/\/www.culture-nature-magazine.info\/wordpress\/31\/la-casa-ai-confini-del-mondo-tra-nature-writing-e-mindfulness\/articoli\/silvia\/\" \/>\n<meta property=\"og:locale\" content=\"it_IT\" \/>\n<meta property=\"og:type\" content=\"article\" \/>\n<meta property=\"og:title\" content=\"La casa ai confini del mondo, tra nature writing e mindfulness - Culture-Nature Magazine\" \/>\n<meta property=\"og:description\" content=\"\u00c8 uno di quei libri che, a distanza di parecchi decenni dalla sua pubblicazione (1928), riesce ancora a toccare le corde dell\u2019anima, accompagnando la lettrice\/il lettore in una dimensione dove terra, acqua, aria e fuoco plasmano paesaggi e stagioni. Oltre a ci\u00f2, \u00e8 sorprendente scoprire come un testo fondativo del nature writing contenga al suo &hellip;\" \/>\n<meta property=\"og:url\" content=\"https:\/\/www.culture-nature-magazine.info\/wordpress\/31\/la-casa-ai-confini-del-mondo-tra-nature-writing-e-mindfulness\/articoli\/silvia\/\" \/>\n<meta property=\"og:site_name\" content=\"Culture-Nature Magazine\" \/>\n<meta property=\"article:published_time\" content=\"2026-08-31T10:56:50+00:00\" \/>\n<meta property=\"og:image\" content=\"http:\/\/www.culture-nature-magazine.info\/wordpress\/wp-content\/uploads\/2026\/08\/cape-cod.jpg\" \/>\n\t<meta property=\"og:image:width\" content=\"1200\" \/>\n\t<meta property=\"og:image:height\" content=\"900\" \/>\n\t<meta property=\"og:image:type\" content=\"image\/jpeg\" \/>\n<meta name=\"author\" content=\"Silvia\" \/>\n<meta name=\"twitter:card\" content=\"summary_large_image\" \/>\n<meta name=\"twitter:label1\" content=\"Scritto da\" \/>\n\t<meta name=\"twitter:data1\" content=\"Silvia\" \/>\n\t<meta name=\"twitter:label2\" content=\"Tempo di lettura stimato\" \/>\n\t<meta name=\"twitter:data2\" content=\"5 minuti\" \/>\n<script type=\"application\/ld+json\" class=\"yoast-schema-graph\">{\"@context\":\"https:\\\/\\\/schema.org\",\"@graph\":[{\"@type\":\"Article\",\"@id\":\"https:\\\/\\\/www.culture-nature-magazine.info\\\/wordpress\\\/31\\\/la-casa-ai-confini-del-mondo-tra-nature-writing-e-mindfulness\\\/articoli\\\/silvia\\\/#article\",\"isPartOf\":{\"@id\":\"https:\\\/\\\/www.culture-nature-magazine.info\\\/wordpress\\\/31\\\/la-casa-ai-confini-del-mondo-tra-nature-writing-e-mindfulness\\\/articoli\\\/silvia\\\/\"},\"author\":{\"name\":\"Silvia\",\"@id\":\"https:\\\/\\\/www.culture-nature-magazine.info\\\/wordpress\\\/#\\\/schema\\\/person\\\/e495ece175793dad5b55fded74d604e5\"},\"headline\":\"La casa ai confini del mondo, tra nature writing e mindfulness\",\"datePublished\":\"2026-08-31T10:56:50+00:00\",\"mainEntityOfPage\":{\"@id\":\"https:\\\/\\\/www.culture-nature-magazine.info\\\/wordpress\\\/31\\\/la-casa-ai-confini-del-mondo-tra-nature-writing-e-mindfulness\\\/articoli\\\/silvia\\\/\"},\"wordCount\":1039,\"image\":{\"@id\":\"https:\\\/\\\/www.culture-nature-magazine.info\\\/wordpress\\\/31\\\/la-casa-ai-confini-del-mondo-tra-nature-writing-e-mindfulness\\\/articoli\\\/silvia\\\/#primaryimage\"},\"thumbnailUrl\":\"https:\\\/\\\/www.culture-nature-magazine.info\\\/wordpress\\\/wp-content\\\/uploads\\\/2026\\\/08\\\/cape-cod.jpg\",\"keywords\":[\"Libri\",\"Mindfulness\",\"Natura\"],\"articleSection\":[\"Articoli\",\"Libri\",\"Mindfulness - Meditazione\"],\"inLanguage\":\"it-IT\"},{\"@type\":\"WebPage\",\"@id\":\"https:\\\/\\\/www.culture-nature-magazine.info\\\/wordpress\\\/31\\\/la-casa-ai-confini-del-mondo-tra-nature-writing-e-mindfulness\\\/articoli\\\/silvia\\\/\",\"url\":\"https:\\\/\\\/www.culture-nature-magazine.info\\\/wordpress\\\/31\\\/la-casa-ai-confini-del-mondo-tra-nature-writing-e-mindfulness\\\/articoli\\\/silvia\\\/\",\"name\":\"La casa ai confini del mondo, tra nature writing e mindfulness - Culture-Nature Magazine\",\"isPartOf\":{\"@id\":\"https:\\\/\\\/www.culture-nature-magazine.info\\\/wordpress\\\/#website\"},\"primaryImageOfPage\":{\"@id\":\"https:\\\/\\\/www.culture-nature-magazine.info\\\/wordpress\\\/31\\\/la-casa-ai-confini-del-mondo-tra-nature-writing-e-mindfulness\\\/articoli\\\/silvia\\\/#primaryimage\"},\"image\":{\"@id\":\"https:\\\/\\\/www.culture-nature-magazine.info\\\/wordpress\\\/31\\\/la-casa-ai-confini-del-mondo-tra-nature-writing-e-mindfulness\\\/articoli\\\/silvia\\\/#primaryimage\"},\"thumbnailUrl\":\"https:\\\/\\\/www.culture-nature-magazine.info\\\/wordpress\\\/wp-content\\\/uploads\\\/2026\\\/08\\\/cape-cod.jpg\",\"datePublished\":\"2026-08-31T10:56:50+00:00\",\"author\":{\"@id\":\"https:\\\/\\\/www.culture-nature-magazine.info\\\/wordpress\\\/#\\\/schema\\\/person\\\/e495ece175793dad5b55fded74d604e5\"},\"breadcrumb\":{\"@id\":\"https:\\\/\\\/www.culture-nature-magazine.info\\\/wordpress\\\/31\\\/la-casa-ai-confini-del-mondo-tra-nature-writing-e-mindfulness\\\/articoli\\\/silvia\\\/#breadcrumb\"},\"inLanguage\":\"it-IT\",\"potentialAction\":[{\"@type\":\"ReadAction\",\"target\":[\"https:\\\/\\\/www.culture-nature-magazine.info\\\/wordpress\\\/31\\\/la-casa-ai-confini-del-mondo-tra-nature-writing-e-mindfulness\\\/articoli\\\/silvia\\\/\"]}]},{\"@type\":\"ImageObject\",\"inLanguage\":\"it-IT\",\"@id\":\"https:\\\/\\\/www.culture-nature-magazine.info\\\/wordpress\\\/31\\\/la-casa-ai-confini-del-mondo-tra-nature-writing-e-mindfulness\\\/articoli\\\/silvia\\\/#primaryimage\",\"url\":\"https:\\\/\\\/www.culture-nature-magazine.info\\\/wordpress\\\/wp-content\\\/uploads\\\/2026\\\/08\\\/cape-cod.jpg\",\"contentUrl\":\"https:\\\/\\\/www.culture-nature-magazine.info\\\/wordpress\\\/wp-content\\\/uploads\\\/2026\\\/08\\\/cape-cod.jpg\",\"width\":1200,\"height\":900},{\"@type\":\"BreadcrumbList\",\"@id\":\"https:\\\/\\\/www.culture-nature-magazine.info\\\/wordpress\\\/31\\\/la-casa-ai-confini-del-mondo-tra-nature-writing-e-mindfulness\\\/articoli\\\/silvia\\\/#breadcrumb\",\"itemListElement\":[{\"@type\":\"ListItem\",\"position\":1,\"name\":\"Home\",\"item\":\"https:\\\/\\\/www.culture-nature-magazine.info\\\/wordpress\\\/\"},{\"@type\":\"ListItem\",\"position\":2,\"name\":\"La casa ai confini del mondo, tra nature writing e mindfulness\"}]},{\"@type\":\"WebSite\",\"@id\":\"https:\\\/\\\/www.culture-nature-magazine.info\\\/wordpress\\\/#website\",\"url\":\"https:\\\/\\\/www.culture-nature-magazine.info\\\/wordpress\\\/\",\"name\":\"Culture-Nature Magazine\",\"description\":\"Per una Cultura BioEcoSostenibile &amp; Olistica che unisce corpo-mente-anima-energie\",\"potentialAction\":[{\"@type\":\"SearchAction\",\"target\":{\"@type\":\"EntryPoint\",\"urlTemplate\":\"https:\\\/\\\/www.culture-nature-magazine.info\\\/wordpress\\\/?s={search_term_string}\"},\"query-input\":{\"@type\":\"PropertyValueSpecification\",\"valueRequired\":true,\"valueName\":\"search_term_string\"}}],\"inLanguage\":\"it-IT\"},{\"@type\":\"Person\",\"@id\":\"https:\\\/\\\/www.culture-nature-magazine.info\\\/wordpress\\\/#\\\/schema\\\/person\\\/e495ece175793dad5b55fded74d604e5\",\"name\":\"Silvia\",\"image\":{\"@type\":\"ImageObject\",\"inLanguage\":\"it-IT\",\"@id\":\"https:\\\/\\\/secure.gravatar.com\\\/avatar\\\/c54c7ab66aff197795dbb43c0fd998cf9f9608f606a5b61594e04499babab655?s=96&d=identicon&r=g\",\"url\":\"https:\\\/\\\/secure.gravatar.com\\\/avatar\\\/c54c7ab66aff197795dbb43c0fd998cf9f9608f606a5b61594e04499babab655?s=96&d=identicon&r=g\",\"contentUrl\":\"https:\\\/\\\/secure.gravatar.com\\\/avatar\\\/c54c7ab66aff197795dbb43c0fd998cf9f9608f606a5b61594e04499babab655?s=96&d=identicon&r=g\",\"caption\":\"Silvia\"},\"url\":\"https:\\\/\\\/www.culture-nature-magazine.info\\\/wordpress\\\/author\\\/silvia\\\/\"}]}<\/script>\n<!-- \/ Yoast SEO plugin. -->","yoast_head_json":{"title":"La casa ai confini del mondo, tra nature writing e mindfulness - Culture-Nature Magazine","robots":{"index":"index","follow":"follow","max-snippet":"max-snippet:-1","max-image-preview":"max-image-preview:large","max-video-preview":"max-video-preview:-1"},"canonical":"https:\/\/www.culture-nature-magazine.info\/wordpress\/31\/la-casa-ai-confini-del-mondo-tra-nature-writing-e-mindfulness\/articoli\/silvia\/","og_locale":"it_IT","og_type":"article","og_title":"La casa ai confini del mondo, tra nature writing e mindfulness - Culture-Nature Magazine","og_description":"\u00c8 uno di quei libri che, a distanza di parecchi decenni dalla sua pubblicazione (1928), riesce ancora a toccare le corde dell\u2019anima, accompagnando la lettrice\/il lettore in una dimensione dove terra, acqua, aria e fuoco plasmano paesaggi e stagioni. Oltre a ci\u00f2, \u00e8 sorprendente scoprire come un testo fondativo del nature writing contenga al suo &hellip;","og_url":"https:\/\/www.culture-nature-magazine.info\/wordpress\/31\/la-casa-ai-confini-del-mondo-tra-nature-writing-e-mindfulness\/articoli\/silvia\/","og_site_name":"Culture-Nature Magazine","article_published_time":"2026-08-31T10:56:50+00:00","og_image":[{"width":1200,"height":900,"url":"http:\/\/www.culture-nature-magazine.info\/wordpress\/wp-content\/uploads\/2026\/08\/cape-cod.jpg","type":"image\/jpeg"}],"author":"Silvia","twitter_card":"summary_large_image","twitter_misc":{"Scritto da":"Silvia","Tempo di lettura stimato":"5 minuti"},"schema":{"@context":"https:\/\/schema.org","@graph":[{"@type":"Article","@id":"https:\/\/www.culture-nature-magazine.info\/wordpress\/31\/la-casa-ai-confini-del-mondo-tra-nature-writing-e-mindfulness\/articoli\/silvia\/#article","isPartOf":{"@id":"https:\/\/www.culture-nature-magazine.info\/wordpress\/31\/la-casa-ai-confini-del-mondo-tra-nature-writing-e-mindfulness\/articoli\/silvia\/"},"author":{"name":"Silvia","@id":"https:\/\/www.culture-nature-magazine.info\/wordpress\/#\/schema\/person\/e495ece175793dad5b55fded74d604e5"},"headline":"La casa ai confini del mondo, tra nature writing e mindfulness","datePublished":"2026-08-31T10:56:50+00:00","mainEntityOfPage":{"@id":"https:\/\/www.culture-nature-magazine.info\/wordpress\/31\/la-casa-ai-confini-del-mondo-tra-nature-writing-e-mindfulness\/articoli\/silvia\/"},"wordCount":1039,"image":{"@id":"https:\/\/www.culture-nature-magazine.info\/wordpress\/31\/la-casa-ai-confini-del-mondo-tra-nature-writing-e-mindfulness\/articoli\/silvia\/#primaryimage"},"thumbnailUrl":"https:\/\/www.culture-nature-magazine.info\/wordpress\/wp-content\/uploads\/2026\/08\/cape-cod.jpg","keywords":["Libri","Mindfulness","Natura"],"articleSection":["Articoli","Libri","Mindfulness - Meditazione"],"inLanguage":"it-IT"},{"@type":"WebPage","@id":"https:\/\/www.culture-nature-magazine.info\/wordpress\/31\/la-casa-ai-confini-del-mondo-tra-nature-writing-e-mindfulness\/articoli\/silvia\/","url":"https:\/\/www.culture-nature-magazine.info\/wordpress\/31\/la-casa-ai-confini-del-mondo-tra-nature-writing-e-mindfulness\/articoli\/silvia\/","name":"La casa ai confini del mondo, tra nature writing e mindfulness - Culture-Nature Magazine","isPartOf":{"@id":"https:\/\/www.culture-nature-magazine.info\/wordpress\/#website"},"primaryImageOfPage":{"@id":"https:\/\/www.culture-nature-magazine.info\/wordpress\/31\/la-casa-ai-confini-del-mondo-tra-nature-writing-e-mindfulness\/articoli\/silvia\/#primaryimage"},"image":{"@id":"https:\/\/www.culture-nature-magazine.info\/wordpress\/31\/la-casa-ai-confini-del-mondo-tra-nature-writing-e-mindfulness\/articoli\/silvia\/#primaryimage"},"thumbnailUrl":"https:\/\/www.culture-nature-magazine.info\/wordpress\/wp-content\/uploads\/2026\/08\/cape-cod.jpg","datePublished":"2026-08-31T10:56:50+00:00","author":{"@id":"https:\/\/www.culture-nature-magazine.info\/wordpress\/#\/schema\/person\/e495ece175793dad5b55fded74d604e5"},"breadcrumb":{"@id":"https:\/\/www.culture-nature-magazine.info\/wordpress\/31\/la-casa-ai-confini-del-mondo-tra-nature-writing-e-mindfulness\/articoli\/silvia\/#breadcrumb"},"inLanguage":"it-IT","potentialAction":[{"@type":"ReadAction","target":["https:\/\/www.culture-nature-magazine.info\/wordpress\/31\/la-casa-ai-confini-del-mondo-tra-nature-writing-e-mindfulness\/articoli\/silvia\/"]}]},{"@type":"ImageObject","inLanguage":"it-IT","@id":"https:\/\/www.culture-nature-magazine.info\/wordpress\/31\/la-casa-ai-confini-del-mondo-tra-nature-writing-e-mindfulness\/articoli\/silvia\/#primaryimage","url":"https:\/\/www.culture-nature-magazine.info\/wordpress\/wp-content\/uploads\/2026\/08\/cape-cod.jpg","contentUrl":"https:\/\/www.culture-nature-magazine.info\/wordpress\/wp-content\/uploads\/2026\/08\/cape-cod.jpg","width":1200,"height":900},{"@type":"BreadcrumbList","@id":"https:\/\/www.culture-nature-magazine.info\/wordpress\/31\/la-casa-ai-confini-del-mondo-tra-nature-writing-e-mindfulness\/articoli\/silvia\/#breadcrumb","itemListElement":[{"@type":"ListItem","position":1,"name":"Home","item":"https:\/\/www.culture-nature-magazine.info\/wordpress\/"},{"@type":"ListItem","position":2,"name":"La casa ai confini del mondo, tra nature writing e mindfulness"}]},{"@type":"WebSite","@id":"https:\/\/www.culture-nature-magazine.info\/wordpress\/#website","url":"https:\/\/www.culture-nature-magazine.info\/wordpress\/","name":"Culture-Nature Magazine","description":"Per una Cultura BioEcoSostenibile &amp; Olistica che unisce corpo-mente-anima-energie","potentialAction":[{"@type":"SearchAction","target":{"@type":"EntryPoint","urlTemplate":"https:\/\/www.culture-nature-magazine.info\/wordpress\/?s={search_term_string}"},"query-input":{"@type":"PropertyValueSpecification","valueRequired":true,"valueName":"search_term_string"}}],"inLanguage":"it-IT"},{"@type":"Person","@id":"https:\/\/www.culture-nature-magazine.info\/wordpress\/#\/schema\/person\/e495ece175793dad5b55fded74d604e5","name":"Silvia","image":{"@type":"ImageObject","inLanguage":"it-IT","@id":"https:\/\/secure.gravatar.com\/avatar\/c54c7ab66aff197795dbb43c0fd998cf9f9608f606a5b61594e04499babab655?s=96&d=identicon&r=g","url":"https:\/\/secure.gravatar.com\/avatar\/c54c7ab66aff197795dbb43c0fd998cf9f9608f606a5b61594e04499babab655?s=96&d=identicon&r=g","contentUrl":"https:\/\/secure.gravatar.com\/avatar\/c54c7ab66aff197795dbb43c0fd998cf9f9608f606a5b61594e04499babab655?s=96&d=identicon&r=g","caption":"Silvia"},"url":"https:\/\/www.culture-nature-magazine.info\/wordpress\/author\/silvia\/"}]}},"_links":{"self":[{"href":"https:\/\/www.culture-nature-magazine.info\/wordpress\/wp-json\/wp\/v2\/posts\/6147","targetHints":{"allow":["GET"]}}],"collection":[{"href":"https:\/\/www.culture-nature-magazine.info\/wordpress\/wp-json\/wp\/v2\/posts"}],"about":[{"href":"https:\/\/www.culture-nature-magazine.info\/wordpress\/wp-json\/wp\/v2\/types\/post"}],"author":[{"embeddable":true,"href":"https:\/\/www.culture-nature-magazine.info\/wordpress\/wp-json\/wp\/v2\/users\/2"}],"replies":[{"embeddable":true,"href":"https:\/\/www.culture-nature-magazine.info\/wordpress\/wp-json\/wp\/v2\/comments?post=6147"}],"version-history":[{"count":3,"href":"https:\/\/www.culture-nature-magazine.info\/wordpress\/wp-json\/wp\/v2\/posts\/6147\/revisions"}],"predecessor-version":[{"id":6153,"href":"https:\/\/www.culture-nature-magazine.info\/wordpress\/wp-json\/wp\/v2\/posts\/6147\/revisions\/6153"}],"wp:featuredmedia":[{"embeddable":true,"href":"https:\/\/www.culture-nature-magazine.info\/wordpress\/wp-json\/wp\/v2\/media\/6150"}],"wp:attachment":[{"href":"https:\/\/www.culture-nature-magazine.info\/wordpress\/wp-json\/wp\/v2\/media?parent=6147"}],"wp:term":[{"taxonomy":"category","embeddable":true,"href":"https:\/\/www.culture-nature-magazine.info\/wordpress\/wp-json\/wp\/v2\/categories?post=6147"},{"taxonomy":"post_tag","embeddable":true,"href":"https:\/\/www.culture-nature-magazine.info\/wordpress\/wp-json\/wp\/v2\/tags?post=6147"}],"curies":[{"name":"wp","href":"https:\/\/api.w.org\/{rel}","templated":true}]}}